{"id":26,"date":"2018-08-23T22:41:02","date_gmt":"2018-08-23T22:41:02","guid":{"rendered":"http:\/\/asesoreslacalzada.es\/?p=26"},"modified":"2018-08-23T22:41:02","modified_gmt":"2018-08-23T22:41:02","slug":"ayudas-a-rehabilitacion-edificios-y-viviendas-asturias","status":"publish","type":"post","link":"https:\/\/asesoreslacalzada.es\/?p=26","title":{"rendered":"AYUDAS A REHABILITACI\u00d3N EDIFICIOS Y VIVIENDAS ASTURIAS"},"content":{"rendered":"<p><img decoding=\"async\" loading=\"lazy\" class=\"alignnone wp-image-15 size-large\" src=\"http:\/\/asesoreslacalzada.es\/wp-content\/uploads\/2018\/08\/Logo-2017Encabezado_rev0-1024x396.png\" alt=\"\" width=\"525\" height=\"203\" srcset=\"https:\/\/asesoreslacalzada.es\/wp-content\/uploads\/2018\/08\/Logo-2017Encabezado_rev0-1024x396.png 1024w, https:\/\/asesoreslacalzada.es\/wp-content\/uploads\/2018\/08\/Logo-2017Encabezado_rev0-300x116.png 300w, https:\/\/asesoreslacalzada.es\/wp-content\/uploads\/2018\/08\/Logo-2017Encabezado_rev0-768x297.png 768w, https:\/\/asesoreslacalzada.es\/wp-content\/uploads\/2018\/08\/Logo-2017Encabezado_rev0.png 1317w\" sizes=\"(max-width: 525px) 100vw, 525px\" \/><\/p>\n<p>\u00a1\u00a1Estamos en los \u00faltimos d\u00edas del plazo para solicitarlas!! Porque no ha sido casualidad que el <strong>plazo convocado sea del 2 de agosto al 1 septiembre<\/strong><\/p>\n<p>En Abogados &amp;Asesores la Calzada seguimos al pie del ca\u00f1\u00f3n en agosto&#8230;&#8230;si han realizado obras en su comunidad o preven realizarlas est\u00e1n aun a tiempo, cons\u00faltenos y se las tramitaremos.<\/p>\n<p><em><strong>\u00bfCu\u00e1l es el objeto de la subvenci\u00f3n?<\/strong><\/em><\/p>\n<p>Obtener ayudas econ\u00f3micas destinadas a la financiaci\u00f3n de obras de rehabilitaci\u00f3n de edificios y viviendas.<\/p>\n<p><img decoding=\"async\" loading=\"lazy\" class=\"wp-image-27 size-full aligncenter\" src=\"http:\/\/asesoreslacalzada.es\/wp-content\/uploads\/2018\/08\/certificadoeficienciaenergeticaedificios-es.jpg\" alt=\"\" width=\"225\" height=\"224\" srcset=\"https:\/\/asesoreslacalzada.es\/wp-content\/uploads\/2018\/08\/certificadoeficienciaenergeticaedificios-es.jpg 225w, https:\/\/asesoreslacalzada.es\/wp-content\/uploads\/2018\/08\/certificadoeficienciaenergeticaedificios-es-150x150.jpg 150w, https:\/\/asesoreslacalzada.es\/wp-content\/uploads\/2018\/08\/certificadoeficienciaenergeticaedificios-es-100x100.jpg 100w\" sizes=\"(max-width: 225px) 100vw, 225px\" \/><\/p>\n<p><em><strong>\u00bfQu\u00e9 requisitos implican?<\/strong><\/em><\/p>\n<ol>\n<li><strong> Viviendas unifamiliares:<\/strong><\/li>\n<\/ol>\n<p>\u25e6 Estar finalizados antes de 1996.<\/p>\n<p>\u25e6 Que constituyan el domicilio habitual y permanente de sus propietarios o arrendatarios.<\/p>\n<p>\u25e6 Disponer de Informe de Evaluaci\u00f3n de Edificios con fecha anterior a la solicitud de la ayuda.<\/p>\n<p><strong>\u00a0<\/strong><\/p>\n<ol start=\"2\">\n<li><strong> Edificios de tipolog\u00eda residencial colectiva:<\/strong><\/li>\n<\/ol>\n<p><strong>\u25e6 <\/strong>Estar finalizados antes de 1996.<\/p>\n<p>\u25e6 Que, al menos, el 50% de las viviendas constituyan domicilio habitual y permanente de sus propietarios o arrendatarios.<\/p>\n<p>\u25e6 Que, al menos, el 70% de la superficie construida sobre rasante tenga uso residencial de vivienda.<\/p>\n<p>\u25e6 Disponer de Informe de Evaluaci\u00f3n de Edificios con fecha anterior a la solicitud de la ayuda.<\/p>\n<p>\u25e6 Disponer del acuerdo de la junta de propietarios de la Comunidad o Agrupaci\u00f3n de Comunidades, con desglose del coste de la obra por vivienda.<\/p>\n<ul>\n<li><strong>\u00a0<\/strong>Las obras deber\u00e1n iniciarse o estar iniciadas con posterioridad al 1 de enero de 2018 y no haber recibido subvenciones por el mismo objeto en convocatorias anteriores.<\/li>\n<li>Cuando el importe del coste de la obra supere los 40.000 euros, el beneficiario deber\u00e1 presentar al menos tres ofertas de diferentes proveedores. Quedan exceptuadas de este requisito las obras iniciadas con anterioridad a la publicaci\u00f3n de las bases.<\/li>\n<li>Las subvenciones para obras cuyo plazo de ejecuci\u00f3n supere el 1 de noviembre de 2018 ser\u00e1n objeto de distribuci\u00f3n plurianual en la resoluci\u00f3n de concesi\u00f3n.<\/li>\n<li>Todas las actuaciones incluir\u00e1n, a efectos de determinar el coste total:<\/li>\n<\/ul>\n<p><strong>\u25e6 Los honorarios profesionales.<\/strong><\/p>\n<p><strong>\u25e6 El coste de redacci\u00f3n de los documentos t\u00e9cnicos y certificados necesarios, excluido el Informe de Evaluaci\u00f3n de Edificios.<\/strong><\/p>\n<p><strong>\u25e6 Gastos derivados de la tramitaci\u00f3n administrativa.<\/strong><\/p>\n<p><strong>\u25e6 Otros gastos generales, debidamente justificados.<\/strong><\/p>\n<p><strong>*<\/strong><em>No se incluir\u00e1n impuestos, tasas y tributos.<\/em><\/p>\n<p><strong>Se incrementaran en un 25% las ayudas a beneficiarios mayores de edad y menores de 35 anos en el momento de la solicitud, cuando las actuaciones se realicen en municipios de menos de 5.000 habitantes.<\/strong><\/p>\n<p><img decoding=\"async\" loading=\"lazy\" class=\"alignnone wp-image-28 size-large\" src=\"http:\/\/asesoreslacalzada.es\/wp-content\/uploads\/2018\/08\/veronica_alvargonzalez_asesoria-2-1024x768.jpg\" alt=\"\" width=\"525\" height=\"394\" srcset=\"https:\/\/asesoreslacalzada.es\/wp-content\/uploads\/2018\/08\/veronica_alvargonzalez_asesoria-2-1024x768.jpg 1024w, https:\/\/asesoreslacalzada.es\/wp-content\/uploads\/2018\/08\/veronica_alvargonzalez_asesoria-2-300x225.jpg 300w, https:\/\/asesoreslacalzada.es\/wp-content\/uploads\/2018\/08\/veronica_alvargonzalez_asesoria-2-768x576.jpg 768w, https:\/\/asesoreslacalzada.es\/wp-content\/uploads\/2018\/08\/veronica_alvargonzalez_asesoria-2.jpg 1075w\" sizes=\"(max-width: 525px) 100vw, 525px\" \/><\/p>\n<p>Si est\u00e1n interesados en que les tramitemos las subvenciones ll\u00e1mennos al <strong>985 32 54 31<\/strong> de 9 a 15 horas, pasen por nuestras oficinas\u00a0 de <strong>Calle Domingo Juliana n\u00ba 2-1\u00ba<\/strong> o env\u00edennos un email a: <em>info@asesoreslacalzada.es<\/em><\/p>\n<p><strong>-Admon Fincas La Calzada-<\/strong><\/p>\n","protected":false},"excerpt":{"rendered":"<p>\u00a1\u00a1Estamos en los \u00faltimos d\u00edas del plazo para solicitarlas!! Porque no ha sido casualidad que el plazo convocado sea del 2 de agosto al 1 septiembre En Abogados &amp;Asesores la Calzada seguimos al pie del ca\u00f1\u00f3n en agosto&#8230;&#8230;si han realizado obras en su comunidad o preven realizarlas est\u00e1n aun a tiempo, cons\u00faltenos y se las &hellip; <\/p>\n<p class=\"link-more\"><a href=\"https:\/\/asesoreslacalzada.es\/?p=26\" class=\"more-link\">Continuar leyendo<span class=\"screen-reader-text\"> \u00abAYUDAS A REHABILITACI\u00d3N EDIFICIOS Y VIVIENDAS ASTURIAS\u00bb<\/span><\/a><\/p>\n","protected":false},"author":1,"featured_media":0,"comment_status":"open","ping_status":"open","sticky":false,"template":"","format":"standard","meta":[],"categories":[1],"tags":[],"_links":{"self":[{"href":"https:\/\/asesoreslacalzada.es\/index.php?rest_route=\/wp\/v2\/posts\/26"}],"collection":[{"href":"https:\/\/asesoreslacalzada.es\/index.php?rest_route=\/wp\/v2\/posts"}],"about":[{"href":"https:\/\/asesoreslacalzada.es\/index.php?rest_route=\/wp\/v2\/types\/post"}],"author":[{"embeddable":true,"href":"https:\/\/asesoreslacalzada.es\/index.php?rest_route=\/wp\/v2\/users\/1"}],"replies":[{"embeddable":true,"href":"https:\/\/asesoreslacalzada.es\/index.php?rest_route=%2Fwp%2Fv2%2Fcomments&post=26"}],"version-history":[{"count":1,"href":"https:\/\/asesoreslacalzada.es\/index.php?rest_route=\/wp\/v2\/posts\/26\/revisions"}],"predecessor-version":[{"id":29,"href":"https:\/\/asesoreslacalzada.es\/index.php?rest_route=\/wp\/v2\/posts\/26\/revisions\/29"}],"wp:attachment":[{"href":"https:\/\/asesoreslacalzada.es\/index.php?rest_route=%2Fwp%2Fv2%2Fmedia&parent=26"}],"wp:term":[{"taxonomy":"category","embeddable":true,"href":"https:\/\/asesoreslacalzada.es\/index.php?rest_route=%2Fwp%2Fv2%2Fcategories&post=26"},{"taxonomy":"post_tag","embeddable":true,"href":"https:\/\/asesoreslacalzada.es\/index.php?rest_route=%2Fwp%2Fv2%2Ftags&post=26"}],"curies":[{"name":"wp","href":"https:\/\/api.w.org\/{rel}","templated":true}]}}