{"id":62,"date":"2019-09-27T14:11:16","date_gmt":"2019-09-27T14:11:16","guid":{"rendered":"http:\/\/asesoreslacalzada.es\/?p=62"},"modified":"2019-09-27T14:11:16","modified_gmt":"2019-09-27T14:11:16","slug":"como-darse-de-alta-autonomos-tarifa-plana","status":"publish","type":"post","link":"http:\/\/asesoreslacalzada.es\/?p=62","title":{"rendered":"COMO DARSE DE ALTA AUT\u00d3NOMOS TARIFA PLANA"},"content":{"rendered":"<p><img decoding=\"async\" loading=\"lazy\" class=\"alignnone wp-image-15 size-full\" src=\"http:\/\/asesoreslacalzada.es\/wp-content\/uploads\/2018\/08\/Logo-2017Encabezado_rev0.png\" alt=\"\" width=\"1317\" height=\"509\" srcset=\"http:\/\/asesoreslacalzada.es\/wp-content\/uploads\/2018\/08\/Logo-2017Encabezado_rev0.png 1317w, http:\/\/asesoreslacalzada.es\/wp-content\/uploads\/2018\/08\/Logo-2017Encabezado_rev0-300x116.png 300w, http:\/\/asesoreslacalzada.es\/wp-content\/uploads\/2018\/08\/Logo-2017Encabezado_rev0-768x297.png 768w, http:\/\/asesoreslacalzada.es\/wp-content\/uploads\/2018\/08\/Logo-2017Encabezado_rev0-1024x396.png 1024w\" sizes=\"(max-width: 767px) 89vw, (max-width: 1000px) 54vw, (max-width: 1071px) 543px, 580px\" \/><\/p>\n<p>A priori, el procedimiento para darse de alta como aut\u00f3nomo, si bien es recomendable encomend\u00e1rselo a un profesional para evitar quebraderos de cabeza, puede ser tramitado por el propio interesado.<\/p>\n<p><img decoding=\"async\" loading=\"lazy\" class=\"size-full wp-image-63 aligncenter\" src=\"http:\/\/asesoreslacalzada.es\/wp-content\/uploads\/2019\/09\/frustrated-lawyer.jpg\" alt=\"\" width=\"85\" height=\"126\" \/><\/p>\n<p>Y decimos a priori porque tanto la normativa como las metodolog\u00edas van evolucionando con el tiempo&#8230;\u2026.Un claro ejemplo es que desde la implantaci\u00f3n de la tarifa plana y con la entrada en vigor de la Ley de Reformas Urgentes del Trabajo Aut\u00f3nomo se ha modificado el procedimiento \u201ccl\u00e1sico\u201d de alta:<\/p>\n<p style=\"text-align: center;\"><em>Alta previa mediante el modelo 036\/037 en la AEAT marcando la <\/em><br \/>\n<em>casilla 504<strong> \u00abComunicaci\u00f3n de inicio de actividad. Entregas de bienes o prestaciones de servicios posterior a adquisici\u00f3n de bienes o servicios\u201d<\/strong>, en cristiano: comunic\u00e1bamos que estamos realizando adquisiciones (de mercanc\u00eda, mobiliario por ejemplo) e incurriendo en gastos (de adquisici\u00f3n de programas inform\u00e1ticos, de reformas de un local etc&#8230;) para poder deducirlos y posteriormente poner en marcha el negocio, d\u00e1ndonos justo en ese momento en que ya est\u00e9 realmente en marcha en el RETA y empezando a pagar la cuota en ese preciso momento, y no antes, cuando a\u00fan est\u00e1bamos preparando el inicio de actividad.<\/em><\/p>\n<p>El procedimiento indicado anteriormente tiene su l\u00f3gica pero como hemos avanzado , los m\u00e9todos cambian y evolucionan y con \u00e9ste te arriesgas a que la Administraci\u00f3n no te aplique la tarifa plana (60\u20ac) y en su lugar te pasar\u00e1n una cuota de unos 283\u20ac adem\u00e1s del riesgo de considerar que ya has iniciado la actividad, retrotrayendo las cuotas al momento del alta en hacienda\u2026..en conclusi\u00f3n: un desastre&#8230;<\/p>\n<p><img decoding=\"async\" loading=\"lazy\" class=\"wp-image-64 size-full aligncenter\" src=\"http:\/\/asesoreslacalzada.es\/wp-content\/uploads\/2019\/09\/autonomos.jpg\" alt=\"\" width=\"260\" height=\"194\" \/><\/p>\n<p style=\"text-align: center;\"><em><strong>\u00bfC\u00f3mo darnos de alta sin riesgos sin acudir a un profesional?<\/strong><\/em><\/p>\n<p><strong>1\u00ba) Darse de alta en el RETA en tarifa plana<\/strong><\/p>\n<p>Recuerda, antes el alta en la seguridad social, presentando el modelo TA0521, y, en un plazo, de 60 d\u00edas comenzar con la actividad. Y, aunque causes alta en el R\u00e9gimen Especial de Trabajadores Aut\u00f3nomos (RETA) de la Seguridad Social previamente, solo empezar\u00e1s a cotizar a partir de la fecha de inicio de actividad que consignes en el alta del modelo 036.<\/p>\n<p>En este elegir\u00e1s tu base de cotizaci\u00f3n entre la base m\u00e1xima, que para el 2019 est\u00e1 fijada en 4.070,10\u20ac, y la m\u00ednima que se sit\u00faa en torno a los 900 euros. Si cumples con los requisitos disfrutar\u00e1s de la bonificaci\u00f3n de la Tarifa Plana que te proporciona 24 meses de cuota reducida:<\/p>\n<p><strong>\u2022 0-12 meses<\/strong><\/p>\n<p>*Con base m\u00ednima de cotizaci\u00f3n pagar\u00e1s 60 euros para cubrir las contingencias comunes y profesionales (sin cese ni formaci\u00f3n profesional).<\/p>\n<p>*Con una base m\u00e1s elevada, se aplicar\u00e1 una reducci\u00f3n del 80% a la cuota<\/p>\n<p>\u2022 <strong>12-18 meses:<\/strong><\/p>\n<p>reducci\u00f3n del 50% de la cuota. Si has elegido la base m\u00ednima: 141,65\u20ac\/mes<\/p>\n<p><strong>\u2022 18-24 meses:<\/strong> reducci\u00f3n del 30% a la cuota. As\u00ed pues con la base m\u00ednima pagar\u00edas 198,31\u20ac\/mes.<img decoding=\"async\" loading=\"lazy\" class=\"aligncenter wp-image-65 size-full\" src=\"http:\/\/asesoreslacalzada.es\/wp-content\/uploads\/2019\/09\/autonomo-2.png\" alt=\"\" width=\"263\" height=\"192\" \/><\/p>\n<p style=\"text-align: center;\"><strong>2\u00ba) Alta censal en Hacienda con modelos 036 \u00f3 037<\/strong><\/p>\n<p style=\"text-align: left;\">\nMarcando la casilla 502 <em><strong>\u201cComunicaci\u00f3n de inicio de actividad. Entregas de bienes o prestaciones de servicios previa o simult\u00e1nea a adquisici\u00f3n de bienes o servicios\u201d<\/strong><\/em> cumplimentando el modelo en cuanto al ep\u00edgrafe del Impuesto de Actividades Econ\u00f3micas (IAE) que te corresponde seg\u00fan tu actividad, si hay un domicilio afecto a tu actividad y los modelos de impuestos que te ser\u00e1n aplicables entre otros datos\u2026.<\/p>\n<p style=\"text-align: left;\">\ncon este modelo se considera que comienzas efectivamente tu actividad y marcar\u00e1 el inicio de tu cotizaci\u00f3n como aut\u00f3nomo.<\/p>\n<p style=\"text-align: center;\">\n<strong>\u00bfPrefieres que te lo tramitemos?, \u00bfQuieres consultarnos dudas?<\/strong><br \/>\n<strong>Pasa por nuestras oficinas en C\/Domingo Juliana 2-1\u00ba<\/strong><br \/>\n<strong>Ll\u00e1manos al 985 32 54 31<\/strong><br \/>\n<strong>Escr\u00edbenos un email a:\u00a0 info@asesoreslacalzada.es<\/strong><br \/>\n<strong>O Wassapeanos: 648 48 71 61<\/strong><\/p>\n","protected":false},"excerpt":{"rendered":"<p>A priori, el procedimiento para darse de alta como aut\u00f3nomo, si bien es recomendable encomend\u00e1rselo a un profesional para evitar quebraderos de cabeza, puede ser tramitado por el propio interesado. Y decimos a priori porque tanto la normativa como las metodolog\u00edas van evolucionando con el tiempo&#8230;\u2026.Un claro ejemplo es que desde la implantaci\u00f3n de la &hellip; <\/p>\n<p class=\"link-more\"><a href=\"http:\/\/asesoreslacalzada.es\/?p=62\" class=\"more-link\">Continuar leyendo<span class=\"screen-reader-text\"> \u00abCOMO DARSE DE ALTA AUT\u00d3NOMOS TARIFA PLANA\u00bb<\/span><\/a><\/p>\n","protected":false},"author":1,"featured_media":0,"comment_status":"open","ping_status":"open","sticky":false,"template":"","format":"standard","meta":[],"categories":[1],"tags":[],"_links":{"self":[{"href":"http:\/\/asesoreslacalzada.es\/index.php?rest_route=\/wp\/v2\/posts\/62"}],"collection":[{"href":"http:\/\/asesoreslacalzada.es\/index.php?rest_route=\/wp\/v2\/posts"}],"about":[{"href":"http:\/\/asesoreslacalzada.es\/index.php?rest_route=\/wp\/v2\/types\/post"}],"author":[{"embeddable":true,"href":"http:\/\/asesoreslacalzada.es\/index.php?rest_route=\/wp\/v2\/users\/1"}],"replies":[{"embeddable":true,"href":"http:\/\/asesoreslacalzada.es\/index.php?rest_route=%2Fwp%2Fv2%2Fcomments&post=62"}],"version-history":[{"count":1,"href":"http:\/\/asesoreslacalzada.es\/index.php?rest_route=\/wp\/v2\/posts\/62\/revisions"}],"predecessor-version":[{"id":66,"href":"http:\/\/asesoreslacalzada.es\/index.php?rest_route=\/wp\/v2\/posts\/62\/revisions\/66"}],"wp:attachment":[{"href":"http:\/\/asesoreslacalzada.es\/index.php?rest_route=%2Fwp%2Fv2%2Fmedia&parent=62"}],"wp:term":[{"taxonomy":"category","embeddable":true,"href":"http:\/\/asesoreslacalzada.es\/index.php?rest_route=%2Fwp%2Fv2%2Fcategories&post=62"},{"taxonomy":"post_tag","embeddable":true,"href":"http:\/\/asesoreslacalzada.es\/index.php?rest_route=%2Fwp%2Fv2%2Ftags&post=62"}],"curies":[{"name":"wp","href":"https:\/\/api.w.org\/{rel}","templated":true}]}}